{"id":2388,"date":"2024-06-18T01:17:17","date_gmt":"2024-06-18T07:17:17","guid":{"rendered":"https:\/\/asoani.org\/?p=2388"},"modified":"2024-06-18T01:25:22","modified_gmt":"2024-06-18T07:25:22","slug":"celebracion-dia-del-abogado-2023","status":"publish","type":"post","link":"https:\/\/asoani.org\/?p=2388","title":{"rendered":"CELEBRACI\u00d3N D\u00cdA DEL ABOGADO 2023."},"content":{"rendered":"\n<p>La Junta Directiva de la Asociaci\u00f3n de Abogados y Notarios de Izabal, presidida por el M.A. Mauricio Boanerjes Sazo V\u00e1squez gestion\u00f3 con empresas y abogados del departamento para llevar a cabo la celebraci\u00f3n tradicional del d\u00eda del abogado en el departamento. Agradeciendo por todo el apoyo a las empresas y firmas de abogados patrocinadores de este magno evento que dura una semana para que todos los abogados del departamento disfruten su d\u00eda.\u00a0<\/p>\n<p>\u00a0<\/p>\n\n\n\n<div class=\"wp-block-media-text is-stacked-on-mobile\" style=\"grid-template-columns:40% auto\"><figure class=\"wp-block-media-text__media\"><img loading=\"lazy\" decoding=\"async\" width=\"682\" height=\"1024\" src=\"https:\/\/asoani.org\/wp-content\/uploads\/2024\/06\/376238226_759620679301041_3801951868704385470_n-682x1024.jpg\" alt=\"\" class=\"wp-image-2389 size-full\" srcset=\"https:\/\/asoani.org\/wp-content\/uploads\/2024\/06\/376238226_759620679301041_3801951868704385470_n-682x1024.jpg 682w, https:\/\/asoani.org\/wp-content\/uploads\/2024\/06\/376238226_759620679301041_3801951868704385470_n-200x300.jpg 200w, https:\/\/asoani.org\/wp-content\/uploads\/2024\/06\/376238226_759620679301041_3801951868704385470_n-768x1153.jpg 768w, https:\/\/asoani.org\/wp-content\/uploads\/2024\/06\/376238226_759620679301041_3801951868704385470_n-1023x1536.jpg 1023w, https:\/\/asoani.org\/wp-content\/uploads\/2024\/06\/376238226_759620679301041_3801951868704385470_n-1024x1537.jpg 1024w, https:\/\/asoani.org\/wp-content\/uploads\/2024\/06\/376238226_759620679301041_3801951868704385470_n-720x1080.jpg 720w, https:\/\/asoani.org\/wp-content\/uploads\/2024\/06\/376238226_759620679301041_3801951868704385470_n.jpg 1066w\" sizes=\"auto, (max-width: 682px) 100vw, 682px\" \/><\/figure><div class=\"wp-block-media-text__content\">\n<figure class=\"wp-block-embed is-type-wp-embed is-provider-asociaci-n-de-abogados-y-notarios-de-izabal wp-block-embed-asociaci-n-de-abogados-y-notarios-de-izabal\"><div class=\"wp-block-embed__wrapper\">\n<div class='embed-container'><blockquote class=\"wp-embedded-content\" data-secret=\"Pdt5g3cB3l\"><a href=\"https:\/\/asoani.org\/?p=2391\">ENTREGA DE QUINQUENIOS 2023.<\/a><\/blockquote><iframe loading=\"lazy\" class=\"wp-embedded-content\" sandbox=\"allow-scripts\" security=\"restricted\" style=\"position: absolute; clip: rect(1px, 1px, 1px, 1px);\" title=\"\u00abENTREGA DE QUINQUENIOS 2023.\u00bb \u2014 Asociaci\u00f3n de Abogados y Notarios de Izabal\" src=\"https:\/\/asoani.org\/?p=2391&#038;embed=true#?secret=3YQSSZ5S9k#?secret=Pdt5g3cB3l\" data-secret=\"Pdt5g3cB3l\" width=\"600\" height=\"338\" frameborder=\"0\" marginwidth=\"0\" marginheight=\"0\" scrolling=\"no\"><\/iframe><\/div>\n<\/div><\/figure>\n\n\n\n<figure class=\"wp-block-embed is-type-wp-embed is-provider-asociaci-n-de-abogados-y-notarios-de-izabal wp-block-embed-asociaci-n-de-abogados-y-notarios-de-izabal\"><div class=\"wp-block-embed__wrapper\">\n<div class='embed-container'><blockquote class=\"wp-embedded-content\" data-secret=\"AjpIhQuyNJ\"><a href=\"https:\/\/asoani.org\/?p=2420\">MISA DE ACCI\u00d3N DE GRACIAS. 2023.<\/a><\/blockquote><iframe loading=\"lazy\" class=\"wp-embedded-content\" sandbox=\"allow-scripts\" security=\"restricted\" style=\"position: absolute; clip: rect(1px, 1px, 1px, 1px);\" title=\"\u00abMISA DE ACCI\u00d3N DE GRACIAS. 2023.\u00bb \u2014 Asociaci\u00f3n de Abogados y Notarios de Izabal\" src=\"https:\/\/asoani.org\/?p=2420&#038;embed=true#?secret=IGO871kNYM#?secret=AjpIhQuyNJ\" data-secret=\"AjpIhQuyNJ\" width=\"600\" height=\"338\" frameborder=\"0\" marginwidth=\"0\" marginheight=\"0\" scrolling=\"no\"><\/iframe><\/div>\n<\/div><\/figure>\n\n\n\n<figure class=\"wp-block-embed is-type-wp-embed is-provider-asociaci-n-de-abogados-y-notarios-de-izabal wp-block-embed-asociaci-n-de-abogados-y-notarios-de-izabal\"><div class=\"wp-block-embed__wrapper\">\n<div class='embed-container'><blockquote class=\"wp-embedded-content\" data-secret=\"6YAYoA18kg\"><a href=\"https:\/\/asoani.org\/?p=2436\">CUADRANGULAR DE FUTBOL. 2023.<\/a><\/blockquote><iframe loading=\"lazy\" class=\"wp-embedded-content\" sandbox=\"allow-scripts\" security=\"restricted\" style=\"position: absolute; clip: rect(1px, 1px, 1px, 1px);\" title=\"\u00abCUADRANGULAR DE FUTBOL. 2023.\u00bb \u2014 Asociaci\u00f3n de Abogados y Notarios de Izabal\" src=\"https:\/\/asoani.org\/?p=2436&#038;embed=true#?secret=F4YMDlzAhQ#?secret=6YAYoA18kg\" data-secret=\"6YAYoA18kg\" width=\"600\" height=\"338\" frameborder=\"0\" marginwidth=\"0\" marginheight=\"0\" scrolling=\"no\"><\/iframe><\/div>\n<\/div><\/figure>\n\n\n\n<figure class=\"wp-block-embed is-type-wp-embed is-provider-asociaci-n-de-abogados-y-notarios-de-izabal wp-block-embed-asociaci-n-de-abogados-y-notarios-de-izabal\"><div class=\"wp-block-embed__wrapper\">\n<div class='embed-container'><blockquote class=\"wp-embedded-content\" data-secret=\"zsLhEf0nD3\"><a href=\"https:\/\/asoani.org\/?p=2472\">SEGUNDA CARRERA 5K. 2023.<\/a><\/blockquote><iframe loading=\"lazy\" class=\"wp-embedded-content\" sandbox=\"allow-scripts\" security=\"restricted\" style=\"position: absolute; clip: rect(1px, 1px, 1px, 1px);\" title=\"\u00abSEGUNDA CARRERA 5K. 2023.\u00bb \u2014 Asociaci\u00f3n de Abogados y Notarios de Izabal\" src=\"https:\/\/asoani.org\/?p=2472&#038;embed=true#?secret=YZD1R53m6E#?secret=zsLhEf0nD3\" data-secret=\"zsLhEf0nD3\" width=\"600\" height=\"338\" frameborder=\"0\" marginwidth=\"0\" marginheight=\"0\" scrolling=\"no\"><\/iframe><\/div>\n<\/div><\/figure>\n<\/div><\/div>\n","protected":false},"excerpt":{"rendered":"<p>La Junta Directiva de la Asociaci\u00f3n de Abogados y Notarios de Izabal, presidida por el M.A. Mauricio Boanerjes Sazo V\u00e1squez gestion\u00f3 con empresas y abogados del departamento para llevar a cabo la celebraci\u00f3n tradicional del d\u00eda del abogado en el departamento. Agradeciendo por todo el apoyo a las empresas y firmas de abogados patrocinadores de&hellip; <br \/> <a class=\"read-more\" href=\"https:\/\/asoani.org\/?p=2388\">Leer m\u00e1s<\/a><\/p>\n","protected":false},"author":4,"featured_media":0,"comment_status":"open","ping_status":"open","sticky":false,"template":"","format":"standard","meta":{"footnotes":"","jetpack_publicize_message":"","jetpack_publicize_feature_enabled":true,"jetpack_social_post_already_shared":true,"jetpack_social_options":{"image_generator_settings":{"template":"highway","default_image_id":0,"font":"","enabled":false},"version":2}},"categories":[4],"tags":[],"class_list":["post-2388","post","type-post","status-publish","format-standard","hentry","category-noticias"],"aioseo_notices":[],"jetpack_publicize_connections":[],"jetpack_featured_media_url":"","_links":{"self":[{"href":"https:\/\/asoani.org\/index.php?rest_route=\/wp\/v2\/posts\/2388","targetHints":{"allow":["GET"]}}],"collection":[{"href":"https:\/\/asoani.org\/index.php?rest_route=\/wp\/v2\/posts"}],"about":[{"href":"https:\/\/asoani.org\/index.php?rest_route=\/wp\/v2\/types\/post"}],"author":[{"embeddable":true,"href":"https:\/\/asoani.org\/index.php?rest_route=\/wp\/v2\/users\/4"}],"replies":[{"embeddable":true,"href":"https:\/\/asoani.org\/index.php?rest_route=%2Fwp%2Fv2%2Fcomments&post=2388"}],"version-history":[{"count":3,"href":"https:\/\/asoani.org\/index.php?rest_route=\/wp\/v2\/posts\/2388\/revisions"}],"predecessor-version":[{"id":2500,"href":"https:\/\/asoani.org\/index.php?rest_route=\/wp\/v2\/posts\/2388\/revisions\/2500"}],"wp:attachment":[{"href":"https:\/\/asoani.org\/index.php?rest_route=%2Fwp%2Fv2%2Fmedia&parent=2388"}],"wp:term":[{"taxonomy":"category","embeddable":true,"href":"https:\/\/asoani.org\/index.php?rest_route=%2Fwp%2Fv2%2Fcategories&post=2388"},{"taxonomy":"post_tag","embeddable":true,"href":"https:\/\/asoani.org\/index.php?rest_route=%2Fwp%2Fv2%2Ftags&post=2388"}],"curies":[{"name":"wp","href":"https:\/\/api.w.org\/{rel}","templated":true}]}}