{"id":2348,"date":"2024-06-18T01:02:02","date_gmt":"2024-06-18T07:02:02","guid":{"rendered":"https:\/\/asoani.org\/?p=2348"},"modified":"2024-06-18T01:02:05","modified_gmt":"2024-06-18T07:02:05","slug":"dia-de-la-familia-2023","status":"publish","type":"post","link":"https:\/\/asoani.org\/?p=2348","title":{"rendered":"D\u00cdA DE LA FAMILIA. 2023."},"content":{"rendered":"\n<p>El d\u00eda la familia en su calidad de Presidente de Junta Directiva de la Asociaci\u00f3n de Abogados y Notarios de Izabal el M.A. Mauricio Sazo V\u00e1squez particip\u00f3 en la conmemoraci\u00f3n del D\u00eda Internacional de la Familia organizado por el Juzgado de Primera Instancia de Familia del departamento de Izabal.<\/p>\n\n\n\n<p>Extendiendo sus felicitaciones y motivando al desarrollo de estos eventos culturales para los ni\u00f1os que fomentan al n\u00facleo de nuestra sociedad tendiendo siempre el respaldo de la Asociaci\u00f3n para el desarrollo de la misma.<\/p>\n\n\n\n<p><\/p>\n\n\n\n<figure class=\"wp-block-gallery has-nested-images columns-default is-cropped wp-block-gallery-1 is-layout-flex wp-block-gallery-is-layout-flex\">\n<figure class=\"wp-block-image size-large\"><img loading=\"lazy\" decoding=\"async\" width=\"770\" height=\"1024\" data-id=\"2349\" src=\"https:\/\/asoani.org\/wp-content\/uploads\/2024\/06\/345051507_5893037614126666_7351159671761899917_n-770x1024.jpg\" alt=\"\" class=\"wp-image-2349\" srcset=\"https:\/\/asoani.org\/wp-content\/uploads\/2024\/06\/345051507_5893037614126666_7351159671761899917_n-770x1024.jpg 770w, https:\/\/asoani.org\/wp-content\/uploads\/2024\/06\/345051507_5893037614126666_7351159671761899917_n-226x300.jpg 226w, https:\/\/asoani.org\/wp-content\/uploads\/2024\/06\/345051507_5893037614126666_7351159671761899917_n-768x1021.jpg 768w, https:\/\/asoani.org\/wp-content\/uploads\/2024\/06\/345051507_5893037614126666_7351159671761899917_n.jpg 802w\" sizes=\"auto, (max-width: 770px) 100vw, 770px\" \/><\/figure>\n\n\n\n<figure class=\"wp-block-image size-large\"><img loading=\"lazy\" decoding=\"async\" width=\"682\" height=\"1024\" data-id=\"2351\" src=\"https:\/\/asoani.org\/wp-content\/uploads\/2024\/06\/345053245_608196067910049_8754977973720570090_n-682x1024.jpg\" alt=\"\" class=\"wp-image-2351\" srcset=\"https:\/\/asoani.org\/wp-content\/uploads\/2024\/06\/345053245_608196067910049_8754977973720570090_n-682x1024.jpg 682w, https:\/\/asoani.org\/wp-content\/uploads\/2024\/06\/345053245_608196067910049_8754977973720570090_n-200x300.jpg 200w, https:\/\/asoani.org\/wp-content\/uploads\/2024\/06\/345053245_608196067910049_8754977973720570090_n-768x1153.jpg 768w, https:\/\/asoani.org\/wp-content\/uploads\/2024\/06\/345053245_608196067910049_8754977973720570090_n-1023x1536.jpg 1023w, https:\/\/asoani.org\/wp-content\/uploads\/2024\/06\/345053245_608196067910049_8754977973720570090_n-1024x1537.jpg 1024w, https:\/\/asoani.org\/wp-content\/uploads\/2024\/06\/345053245_608196067910049_8754977973720570090_n-720x1080.jpg 720w, https:\/\/asoani.org\/wp-content\/uploads\/2024\/06\/345053245_608196067910049_8754977973720570090_n.jpg 1066w\" sizes=\"auto, (max-width: 682px) 100vw, 682px\" \/><\/figure>\n\n\n\n<figure class=\"wp-block-image size-large\"><img loading=\"lazy\" decoding=\"async\" width=\"1024\" height=\"432\" data-id=\"2350\" src=\"https:\/\/asoani.org\/wp-content\/uploads\/2024\/06\/345238486_6561738680559042_2157018300928245222_n-1024x432.jpg\" alt=\"\" class=\"wp-image-2350\" srcset=\"https:\/\/asoani.org\/wp-content\/uploads\/2024\/06\/345238486_6561738680559042_2157018300928245222_n-1024x432.jpg 1024w, https:\/\/asoani.org\/wp-content\/uploads\/2024\/06\/345238486_6561738680559042_2157018300928245222_n-300x127.jpg 300w, https:\/\/asoani.org\/wp-content\/uploads\/2024\/06\/345238486_6561738680559042_2157018300928245222_n-768x324.jpg 768w, https:\/\/asoani.org\/wp-content\/uploads\/2024\/06\/345238486_6561738680559042_2157018300928245222_n.jpg 1517w\" sizes=\"auto, (max-width: 1024px) 100vw, 1024px\" \/><\/figure>\n<\/figure>\n","protected":false},"excerpt":{"rendered":"<p>El d\u00eda la familia en su calidad de Presidente de Junta Directiva de la Asociaci\u00f3n de Abogados y Notarios de Izabal el M.A. Mauricio Sazo V\u00e1squez particip\u00f3 en la conmemoraci\u00f3n del D\u00eda Internacional de la Familia organizado por el Juzgado de Primera Instancia de Familia del departamento de Izabal. Extendiendo sus felicitaciones y motivando al&hellip; <br \/> <a class=\"read-more\" href=\"https:\/\/asoani.org\/?p=2348\">Leer m\u00e1s<\/a><\/p>\n","protected":false},"author":4,"featured_media":0,"comment_status":"open","ping_status":"open","sticky":false,"template":"","format":"standard","meta":{"footnotes":"","jetpack_publicize_message":"","jetpack_publicize_feature_enabled":true,"jetpack_social_post_already_shared":true,"jetpack_social_options":{"image_generator_settings":{"template":"highway","default_image_id":0,"font":"","enabled":false},"version":2}},"categories":[4],"tags":[],"class_list":["post-2348","post","type-post","status-publish","format-standard","hentry","category-noticias"],"aioseo_notices":[],"jetpack_publicize_connections":[],"jetpack_featured_media_url":"","_links":{"self":[{"href":"https:\/\/asoani.org\/index.php?rest_route=\/wp\/v2\/posts\/2348","targetHints":{"allow":["GET"]}}],"collection":[{"href":"https:\/\/asoani.org\/index.php?rest_route=\/wp\/v2\/posts"}],"about":[{"href":"https:\/\/asoani.org\/index.php?rest_route=\/wp\/v2\/types\/post"}],"author":[{"embeddable":true,"href":"https:\/\/asoani.org\/index.php?rest_route=\/wp\/v2\/users\/4"}],"replies":[{"embeddable":true,"href":"https:\/\/asoani.org\/index.php?rest_route=%2Fwp%2Fv2%2Fcomments&post=2348"}],"version-history":[{"count":1,"href":"https:\/\/asoani.org\/index.php?rest_route=\/wp\/v2\/posts\/2348\/revisions"}],"predecessor-version":[{"id":2352,"href":"https:\/\/asoani.org\/index.php?rest_route=\/wp\/v2\/posts\/2348\/revisions\/2352"}],"wp:attachment":[{"href":"https:\/\/asoani.org\/index.php?rest_route=%2Fwp%2Fv2%2Fmedia&parent=2348"}],"wp:term":[{"taxonomy":"category","embeddable":true,"href":"https:\/\/asoani.org\/index.php?rest_route=%2Fwp%2Fv2%2Fcategories&post=2348"},{"taxonomy":"post_tag","embeddable":true,"href":"https:\/\/asoani.org\/index.php?rest_route=%2Fwp%2Fv2%2Ftags&post=2348"}],"curies":[{"name":"wp","href":"https:\/\/api.w.org\/{rel}","templated":true}]}}