{"id":1968,"date":"2024-06-17T22:23:49","date_gmt":"2024-06-18T04:23:49","guid":{"rendered":"https:\/\/asoani.org\/?p=1968"},"modified":"2024-06-17T22:23:52","modified_gmt":"2024-06-18T04:23:52","slug":"inauguracion-sede-registro-general-de-la-propiedad-izabal-2022","status":"publish","type":"post","link":"https:\/\/asoani.org\/?p=1968","title":{"rendered":"INAUGURACI\u00d3N SEDE REGISTRO GENERAL DE LA PROPIEDAD IZABAL. 2022"},"content":{"rendered":"\n<p>El d\u00eda seis de mayo del a\u00f1o 2022 en Puerto Barrios, Izabal se inaugur\u00f3 la sede del Registro General de la Propiedad, contando con la presencia de miembros de la Comisi\u00f3n Registral, Registrador General de la Propiedad, autoridades departamentales y miembros de Junta Directiva y Tribunal de Honor del Colegio de Abogados y Notarios de Guatemala.<\/p>\n\n\n\n<p>Se realiz\u00f3 la entrega de reconocimientos y agradecimientos por parte de M.A. Mauricio Sazo, presidente y M.A. Edith Osorio Vicepresidente de esta Asociaci\u00f3n.<\/p>\n\n\n\n<p>Dicha sede se encontrar\u00e1 ubicada en 12 calle entre 7 y 8 avenida en Oficomercios V\u00eda 12.<\/p>\n\n\n\n<p>A partir de esa fecha. los usuarios del departamento tienen la facilidad y comodidad de realizar sus gestiones en el departamento las instalaciones cuentan con amplio parqueo y una c\u00e1lida recepci\u00f3n para la atenci\u00f3n del notario.<\/p>\n\n\n\n<p><\/p>\n\n\n\n<figure class=\"wp-block-gallery has-nested-images columns-default is-cropped wp-block-gallery-1 is-layout-flex wp-block-gallery-is-layout-flex\">\n<figure class=\"wp-block-image size-large\"><img loading=\"lazy\" decoding=\"async\" width=\"960\" height=\"719\" data-id=\"1969\" src=\"https:\/\/asoani.org\/wp-content\/uploads\/2024\/06\/280108729_1009436433072942_2991077031589224910_n.jpg\" alt=\"\" class=\"wp-image-1969\" srcset=\"https:\/\/asoani.org\/wp-content\/uploads\/2024\/06\/280108729_1009436433072942_2991077031589224910_n.jpg 960w, https:\/\/asoani.org\/wp-content\/uploads\/2024\/06\/280108729_1009436433072942_2991077031589224910_n-300x225.jpg 300w, https:\/\/asoani.org\/wp-content\/uploads\/2024\/06\/280108729_1009436433072942_2991077031589224910_n-768x575.jpg 768w\" sizes=\"auto, (max-width: 960px) 100vw, 960px\" \/><\/figure>\n\n\n\n<figure class=\"wp-block-image size-large\"><img loading=\"lazy\" decoding=\"async\" width=\"960\" height=\"719\" data-id=\"1972\" src=\"https:\/\/asoani.org\/wp-content\/uploads\/2024\/06\/280173049_1009436413072944_7348739337921662985_n.jpg\" alt=\"\" class=\"wp-image-1972\" srcset=\"https:\/\/asoani.org\/wp-content\/uploads\/2024\/06\/280173049_1009436413072944_7348739337921662985_n.jpg 960w, https:\/\/asoani.org\/wp-content\/uploads\/2024\/06\/280173049_1009436413072944_7348739337921662985_n-300x225.jpg 300w, https:\/\/asoani.org\/wp-content\/uploads\/2024\/06\/280173049_1009436413072944_7348739337921662985_n-768x575.jpg 768w\" sizes=\"auto, (max-width: 960px) 100vw, 960px\" \/><\/figure>\n\n\n\n<figure class=\"wp-block-image size-large\"><img loading=\"lazy\" decoding=\"async\" width=\"1024\" height=\"767\" data-id=\"1971\" src=\"https:\/\/asoani.org\/wp-content\/uploads\/2024\/06\/280181812_1009436479739604_588174604002731950_n-1024x767.jpg\" alt=\"\" class=\"wp-image-1971\" srcset=\"https:\/\/asoani.org\/wp-content\/uploads\/2024\/06\/280181812_1009436479739604_588174604002731950_n-1024x767.jpg 1024w, https:\/\/asoani.org\/wp-content\/uploads\/2024\/06\/280181812_1009436479739604_588174604002731950_n-300x225.jpg 300w, https:\/\/asoani.org\/wp-content\/uploads\/2024\/06\/280181812_1009436479739604_588174604002731950_n-768x575.jpg 768w, https:\/\/asoani.org\/wp-content\/uploads\/2024\/06\/280181812_1009436479739604_588174604002731950_n.jpg 1440w\" sizes=\"auto, (max-width: 1024px) 100vw, 1024px\" \/><\/figure>\n<\/figure>\n","protected":false},"excerpt":{"rendered":"<p>El d\u00eda seis de mayo del a\u00f1o 2022 en Puerto Barrios, Izabal se inaugur\u00f3 la sede del Registro General de la Propiedad, contando con la presencia de miembros de la Comisi\u00f3n Registral, Registrador General de la Propiedad, autoridades departamentales y miembros de Junta Directiva y Tribunal de Honor del Colegio de Abogados y Notarios de&hellip; <br \/> <a class=\"read-more\" href=\"https:\/\/asoani.org\/?p=1968\">Leer m\u00e1s<\/a><\/p>\n","protected":false},"author":4,"featured_media":0,"comment_status":"open","ping_status":"open","sticky":false,"template":"","format":"standard","meta":{"footnotes":"","jetpack_publicize_message":"","jetpack_publicize_feature_enabled":true,"jetpack_social_post_already_shared":true,"jetpack_social_options":{"image_generator_settings":{"template":"highway","default_image_id":0,"font":"","enabled":false},"version":2}},"categories":[4],"tags":[],"class_list":["post-1968","post","type-post","status-publish","format-standard","hentry","category-noticias"],"aioseo_notices":[],"jetpack_publicize_connections":[],"jetpack_featured_media_url":"","_links":{"self":[{"href":"https:\/\/asoani.org\/index.php?rest_route=\/wp\/v2\/posts\/1968","targetHints":{"allow":["GET"]}}],"collection":[{"href":"https:\/\/asoani.org\/index.php?rest_route=\/wp\/v2\/posts"}],"about":[{"href":"https:\/\/asoani.org\/index.php?rest_route=\/wp\/v2\/types\/post"}],"author":[{"embeddable":true,"href":"https:\/\/asoani.org\/index.php?rest_route=\/wp\/v2\/users\/4"}],"replies":[{"embeddable":true,"href":"https:\/\/asoani.org\/index.php?rest_route=%2Fwp%2Fv2%2Fcomments&post=1968"}],"version-history":[{"count":1,"href":"https:\/\/asoani.org\/index.php?rest_route=\/wp\/v2\/posts\/1968\/revisions"}],"predecessor-version":[{"id":1973,"href":"https:\/\/asoani.org\/index.php?rest_route=\/wp\/v2\/posts\/1968\/revisions\/1973"}],"wp:attachment":[{"href":"https:\/\/asoani.org\/index.php?rest_route=%2Fwp%2Fv2%2Fmedia&parent=1968"}],"wp:term":[{"taxonomy":"category","embeddable":true,"href":"https:\/\/asoani.org\/index.php?rest_route=%2Fwp%2Fv2%2Fcategories&post=1968"},{"taxonomy":"post_tag","embeddable":true,"href":"https:\/\/asoani.org\/index.php?rest_route=%2Fwp%2Fv2%2Ftags&post=1968"}],"curies":[{"name":"wp","href":"https:\/\/api.w.org\/{rel}","templated":true}]}}